{"id":5763,"date":"2014-03-12T14:31:17","date_gmt":"2014-03-12T17:31:17","guid":{"rendered":"http:\/\/tonka3d.com.br\/blog\/?p=5763"},"modified":"2014-12-07T00:36:05","modified_gmt":"2014-12-07T02:36:05","slug":"evento-dedicado-aos-fas-da-cultura-pop-junto-com-o-anime-friends","status":"publish","type":"post","link":"https:\/\/www.tonka3d.com.br\/blog\/evento-dedicado-aos-fas-da-cultura-pop-junto-com-o-anime-friends\/","title":{"rendered":"Evento dedicado aos f\u00e3s da cultura pop junto com o Anime Friends"},"content":{"rendered":"<p>Segunda edi\u00e7\u00e3o do Brasil Comic Con acontece em novembro, agora em local exclusivo e dedicado aos f\u00e3s da cultura pop.<\/p>\n<p style=\"text-align: center;\"><a href=\"http:\/\/tonka3d.com.br\/blog\/wp-content\/uploads\/2014\/03\/brasil-comic-con-2014.jpg\"><img loading=\"lazy\" decoding=\"async\" class=\"aligncenter\" title=\"brasil comic con 2014\" alt=\"brasil comic con 2014\" src=\"http:\/\/tonka3d.com.br\/blog\/wp-content\/uploads\/2014\/03\/brasil-comic-con-2014.jpg\" width=\"450\" height=\"450\" \/><\/a><\/p>\n<p><em>Com artistas internacionais como Michael Golden, Arthur Suydam e James O\u2019Barr, entre outros nomes e atra\u00e7\u00f5es, o evento que ano passado aconteceu no Anime Friends e contou com mais de 100 mil pessoas, entra em carreira solo e acontece nos dias 14 e 15 de novembro, no mais novo centro de eventos de S\u00e3o Paulo, o Pro Magno.<\/em><\/p>\n<p>Em 2013, mais de cem mil pessoas passaram pelo Brasil Comic Con, realizado juntamente com a d\u00e9cima edi\u00e7\u00e3o do Anime Friends, maior evento de cultura pop da Am\u00e9rica Latina. Agora, f\u00e3s e profissionais de quadrinhos, cinema, videogame e s\u00e9ries de TV t\u00eam uma oportunidade ainda melhor de ficar frente a frente com seus \u00eddolos e por dentro de todas as manifesta\u00e7\u00f5es culturais contempor\u00e2neas: o Brasil Comic Con ganhou vida pr\u00f3pria e, este ano, acontece nos dias 14 e 15 de novembro, no nov\u00edssimo Centro de Eventos Pro Magno, na Zona Norte de S\u00e3o Paulo.<\/p>\n<p>\u201cSer\u00e3o 48 mil m\u00b2 exclusivamente dedicados ao universo pop, com alguns dos principais nomes desse cen\u00e1rio, no Brasil e no mundo\u201d, diz Takashi Tikasawa, CEO da Yamato Corporation, realizadora do evento. Segundo ele, o 2\u00ba Brasil Comic Con vem para firmar terreno no mercado nerd e geek, assim como o Anime Friends conquistou seu lugar entre os f\u00e3s de cultura japonesa no Brasil. Atra\u00e7\u00f5es para isso n\u00e3o faltar\u00e3o. Inspirado nos grandes eventos do g\u00eanero dos EUA, a segunda edi\u00e7\u00e3o do Brasil Comic Con reunir\u00e1 atores, diretores, roteiristas, dubladores e demais profissionais do setor e, durante dois dias, ser\u00e1 palco de palestras, apresenta\u00e7\u00f5es, troca de experi\u00eancias, enfim, ponto de encontro da ind\u00fastria do entretenimento e dos f\u00e3s da cultura pop.<\/p>\n<p style=\"text-align: center;\"><img loading=\"lazy\" decoding=\"async\" class=\"aligncenter  wp-image-5765\" title=\"mulheres brasil comic con\" alt=\"mulheres brasil comic con\" src=\"http:\/\/tonka3d.com.br\/blog\/wp-content\/uploads\/2014\/03\/mulheres-brasil-comic-con.jpg\" width=\"586\" height=\"383\" \/><\/p>\n<p><strong>Do fant\u00e1stico mundo dos super-her\u00f3is para o Brasil Comic Con<\/strong><\/p>\n<p>Entre os artistas internacionais j\u00e1 confirmados est\u00e3o nomes como Michael Golden, cocriador da personagem Vampira (X-Men), mundialmente conhecido por seus trabalhos em The Nam, Micronauts, G.I. Joe e Dr. Estranho, e apontado como um dos melhores ilustradores no mercado; o \u201crei dos zumbis\u201d, Arthur Suydam, ilustrador reconhecido pela saga Marvel Zombies e que trabalhou tamb\u00e9m em Batman, Conan, Tarzan, Predador e Aliens, entre outros, e James O\u2019Barr, o premiado criador de O Corvo, s\u00e9rie em quadrinhos que originou o filme com Brandon Lee, al\u00e9m de roteirista de duas s\u00e9ries de sucesso da IDW, Curare e Skinning the Wolves. Outro convidado que vem dos Estados Unidos especialmente para o 2\u00ba Brasil Comic Con \u00e9 Rodney Ramos, ilustrador profissional com mais de 15 anos de experi\u00eancia. Na Marvel, ele foi assistente de John Romita e emprestou seu tra\u00e7o a v\u00e1rias obras como Thundercats, Marvel Presents, What If, Conan e Toxic Avenger. Tamb\u00e9m trabalhou como colorista para Gen-X, Homem de Ferro, Gambit, O Justiceiro e Homem Aranha, e recentemente participou na DC Comics da saga 52 e Lanterna Verde, entre outros.<\/p>\n<p style=\"text-align: center;\"><a href=\"http:\/\/tonka3d.com.br\/blog\/wp-content\/uploads\/2014\/03\/michael-golden-brasil-comic-con.jpg\"><img loading=\"lazy\" decoding=\"async\" class=\"aligncenter\" title=\"michael golden brasil comic con\" alt=\"michael golden brasil comic con\" src=\"http:\/\/tonka3d.com.br\/blog\/wp-content\/uploads\/2014\/03\/michael-golden-brasil-comic-con-1024x341.jpg\" width=\"590\" height=\"180\" \/><\/a><\/p>\n<p>O tra\u00e7o feminino tamb\u00e9m marca presen\u00e7a, com a participa\u00e7\u00e3o de Renee Witterstaetter, que come\u00e7ou a carreira nos quadrinhos com trabalhos em Superman. na DC Comics, e Surfista Prateado, Conan e She-Hulk na Marvel. Tamb\u00e9m foi editora de t\u00edtulos como Arquivo X, Jurassic Park, Xena, Hercules, cocriadora, com Michael Golden, da s\u00e9rie Spartan X, e colorista de centenas de quadrinhos como Os Vingadores, Homem-Aranha e Capit\u00e3o Am\u00e9rica. Depois do sucesso como roteirista de quadrinhos, trabalhou em dezenas de clipes de artistas como Madonna, Seal, Ben Harper e Usher, al\u00e9m dos filmes Hora do Rush II, O Mestre Invenc\u00edvel, Police Story 3 (todos estes com Jackie Chan) e Drag\u00e3o Vermelho, entre outros. Em seu portf\u00f3lio est\u00e3o tamb\u00e9m obras como Excess: The Art of Michael Golden e Tex: The Art of Mark Texeira.<\/p>\n<p>Artistas brasileiros igualmente reconhecidos por trabalhos em franquias mundialmente consagradas tamb\u00e9m j\u00e1 est\u00e3o confirmados para o 2\u00ba Brasil Comic Con. \u00c9 o caso de Mike Deodato Jr., que tem em seu portf\u00f3lio trabalhos em s\u00e9ries hist\u00f3ricas como Mulher-Maravilha, Thor, Vingadores, Hulk, Glory, Lady Death, Ultraforce, Batman e Homem-Aranha, entre outros, e que assina a arte da futura saga da Marvel, Pecado Original; de Will Conrad, cujo tra\u00e7o est\u00e1 presente em cl\u00e1ssicos como Conan, Wolverine, Homem-Aranha, Pantera Negra, Capit\u00e3o Am\u00e9rica, X-Men, Lanterna Verde, Jovens Tit\u00e3s, Asa Noturna, entre outros, e no universo Dark Horse, de Joss Whedon; e de Ed Benes, hoje da DC Comics, e conhecido por trabalhos em Birds of Prey, Supergirl, Super Homem e Liga da Justi\u00e7a.<\/p>\n<p><strong>Beco dos artistas<\/strong><\/p>\n<p>Al\u00e9m dos pain\u00e9is com os convidados nacionais e internacionais, o 2\u00ba Brasil Comic Com ter\u00e1 uma \u00e1rea de exposi\u00e7\u00e3o que contar\u00e1 com a presen\u00e7a de grandes empresas do mercado de entretenimento no Brasil. Outra atra\u00e7\u00e3o ser\u00e1 o Beco dos Artistas (ou Artist Alley, como \u00e9 conhecido nos eventos nos EUA), espa\u00e7o onde os artistas divulgar\u00e3o seus trabalhos e onde o p\u00fablico ter\u00e1 a oportunidade de conversar com os criadores, al\u00e9m de comprar suas obras. S\u00e3o esperados dezenas de artistas, entre desenhistas e ilustradores, roteiristas e demais profissionais de quadrinhos, al\u00e9m de cosplayers nacionais e internacionais que tamb\u00e9m poder\u00e3o divulgar suas fotos e vender seus produtos.<\/p>\n<p><strong>Informa\u00e7\u00f5es<\/strong><\/p>\n<p><em>Para mais informa\u00e7\u00f5es sobre o 2\u00ba Brasil Comic Con, acesse o site da Brasil Comic Con.<\/em><br \/>\n<em> Datas: 14 e 15 de novembro de 2014<\/em><br \/>\n<em> Onde: Centro de Eventos <a href=\"http:\/\/www.promagno.com.br\" target=\"_blank\" rel=\"nofollow\">Pro Magno<\/a><\/em><br \/>\n<em> Av. Prof\u00aa Ida Kolb, 513 \u2013 Casa Verde \u2013 S\u00e3o Paulo<\/em><br \/>\n<em> Realiza\u00e7\u00e3o: Yamato Comunica\u00e7\u00f5es e Eventos<\/em><\/p>\n","protected":false},"excerpt":{"rendered":"<p>Segunda edi\u00e7\u00e3o do Brasil Comic Con acontece em novembro, agora em local exclusivo e dedicado aos f\u00e3s da cultura pop. Com artistas internacionais como Michael Golden, Arthur Suydam e James O\u2019Barr, entre outros nomes e atra\u00e7\u00f5es, o evento que ano passado aconteceu no Anime Friends e contou com mais de 100 mil pessoas, entra em [&hellip;]<\/p>\n","protected":false},"author":1,"featured_media":0,"comment_status":"open","ping_status":"open","sticky":false,"template":"","format":"standard","meta":{"footnotes":""},"categories":[3],"tags":[],"class_list":["post-5763","post","type-post","status-publish","format-standard","hentry","category-noticias-e-novidades-do-mercado-3d"],"yoast_head":"<!-- This site is optimized with the Yoast SEO plugin v27.4 - https:\/\/yoast.com\/product\/yoast-seo-wordpress\/ -->\n<title>Evento dedicado aos f\u00e3s da cultura pop junto com o Anime Friends - Blog e F\u00f3rum sobre Arte e Design 3D<\/title>\n<meta name=\"robots\" content=\"index, follow, max-snippet:-1, max-image-preview:large, max-video-preview:-1\" \/>\n<link rel=\"canonical\" href=\"https:\/\/www.tonka3d.com.br\/blog\/evento-dedicado-aos-fas-da-cultura-pop-junto-com-o-anime-friends\/\" \/>\n<meta property=\"og:locale\" content=\"pt_BR\" \/>\n<meta property=\"og:type\" content=\"article\" \/>\n<meta property=\"og:title\" content=\"Evento dedicado aos f\u00e3s da cultura pop junto com o Anime Friends - Blog e F\u00f3rum sobre Arte e Design 3D\" \/>\n<meta property=\"og:description\" content=\"Segunda edi\u00e7\u00e3o do Brasil Comic Con acontece em novembro, agora em local exclusivo e dedicado aos f\u00e3s da cultura pop. Com artistas internacionais como Michael Golden, Arthur Suydam e James O\u2019Barr, entre outros nomes e atra\u00e7\u00f5es, o evento que ano passado aconteceu no Anime Friends e contou com mais de 100 mil pessoas, entra em [&hellip;]\" \/>\n<meta property=\"og:url\" content=\"https:\/\/www.tonka3d.com.br\/blog\/evento-dedicado-aos-fas-da-cultura-pop-junto-com-o-anime-friends\/\" \/>\n<meta property=\"og:site_name\" content=\"Blog e F\u00f3rum sobre Arte e Design 3D\" \/>\n<meta property=\"article:publisher\" content=\"https:\/\/www.facebook.com\/tonka3d\" \/>\n<meta property=\"article:published_time\" content=\"2014-03-12T17:31:17+00:00\" \/>\n<meta property=\"article:modified_time\" content=\"2014-12-07T02:36:05+00:00\" \/>\n<meta property=\"og:image\" content=\"http:\/\/tonka3d.com.br\/blog\/wp-content\/uploads\/2014\/03\/brasil-comic-con-2014.jpg\" \/>\n<meta name=\"author\" content=\"tonka3d\" \/>\n<meta name=\"twitter:card\" content=\"summary_large_image\" \/>\n<meta name=\"twitter:creator\" content=\"@Tonka3D\" \/>\n<meta name=\"twitter:site\" content=\"@Tonka3D\" \/>\n<meta name=\"twitter:label1\" content=\"Escrito por\" \/>\n\t<meta name=\"twitter:data1\" content=\"tonka3d\" \/>\n\t<meta name=\"twitter:label2\" content=\"Est. tempo de leitura\" \/>\n\t<meta name=\"twitter:data2\" content=\"5 minutos\" \/>\n<script type=\"application\/ld+json\" class=\"yoast-schema-graph\">{\"@context\":\"https:\\\/\\\/schema.org\",\"@graph\":[{\"@type\":\"Article\",\"@id\":\"https:\\\/\\\/www.tonka3d.com.br\\\/blog\\\/evento-dedicado-aos-fas-da-cultura-pop-junto-com-o-anime-friends\\\/#article\",\"isPartOf\":{\"@id\":\"https:\\\/\\\/www.tonka3d.com.br\\\/blog\\\/evento-dedicado-aos-fas-da-cultura-pop-junto-com-o-anime-friends\\\/\"},\"author\":{\"name\":\"tonka3d\",\"@id\":\"https:\\\/\\\/www.tonka3d.com.br\\\/blog\\\/#\\\/schema\\\/person\\\/9c7860148a9d6d1993ffb306a9eb15f6\"},\"headline\":\"Evento dedicado aos f\u00e3s da cultura pop junto com o Anime Friends\",\"datePublished\":\"2014-03-12T17:31:17+00:00\",\"dateModified\":\"2014-12-07T02:36:05+00:00\",\"mainEntityOfPage\":{\"@id\":\"https:\\\/\\\/www.tonka3d.com.br\\\/blog\\\/evento-dedicado-aos-fas-da-cultura-pop-junto-com-o-anime-friends\\\/\"},\"wordCount\":958,\"commentCount\":0,\"image\":{\"@id\":\"https:\\\/\\\/www.tonka3d.com.br\\\/blog\\\/evento-dedicado-aos-fas-da-cultura-pop-junto-com-o-anime-friends\\\/#primaryimage\"},\"thumbnailUrl\":\"http:\\\/\\\/tonka3d.com.br\\\/blog\\\/wp-content\\\/uploads\\\/2014\\\/03\\\/brasil-comic-con-2014.jpg\",\"articleSection\":[\"Novidades e Ofertas\"],\"inLanguage\":\"pt-BR\",\"potentialAction\":[{\"@type\":\"CommentAction\",\"name\":\"Comment\",\"target\":[\"https:\\\/\\\/www.tonka3d.com.br\\\/blog\\\/evento-dedicado-aos-fas-da-cultura-pop-junto-com-o-anime-friends\\\/#respond\"]}]},{\"@type\":\"WebPage\",\"@id\":\"https:\\\/\\\/www.tonka3d.com.br\\\/blog\\\/evento-dedicado-aos-fas-da-cultura-pop-junto-com-o-anime-friends\\\/\",\"url\":\"https:\\\/\\\/www.tonka3d.com.br\\\/blog\\\/evento-dedicado-aos-fas-da-cultura-pop-junto-com-o-anime-friends\\\/\",\"name\":\"Evento dedicado aos f\u00e3s da cultura pop junto com o Anime Friends - Blog e F\u00f3rum sobre Arte e Design 3D\",\"isPartOf\":{\"@id\":\"https:\\\/\\\/www.tonka3d.com.br\\\/blog\\\/#website\"},\"primaryImageOfPage\":{\"@id\":\"https:\\\/\\\/www.tonka3d.com.br\\\/blog\\\/evento-dedicado-aos-fas-da-cultura-pop-junto-com-o-anime-friends\\\/#primaryimage\"},\"image\":{\"@id\":\"https:\\\/\\\/www.tonka3d.com.br\\\/blog\\\/evento-dedicado-aos-fas-da-cultura-pop-junto-com-o-anime-friends\\\/#primaryimage\"},\"thumbnailUrl\":\"http:\\\/\\\/tonka3d.com.br\\\/blog\\\/wp-content\\\/uploads\\\/2014\\\/03\\\/brasil-comic-con-2014.jpg\",\"datePublished\":\"2014-03-12T17:31:17+00:00\",\"dateModified\":\"2014-12-07T02:36:05+00:00\",\"author\":{\"@id\":\"https:\\\/\\\/www.tonka3d.com.br\\\/blog\\\/#\\\/schema\\\/person\\\/9c7860148a9d6d1993ffb306a9eb15f6\"},\"breadcrumb\":{\"@id\":\"https:\\\/\\\/www.tonka3d.com.br\\\/blog\\\/evento-dedicado-aos-fas-da-cultura-pop-junto-com-o-anime-friends\\\/#breadcrumb\"},\"inLanguage\":\"pt-BR\",\"potentialAction\":[{\"@type\":\"ReadAction\",\"target\":[\"https:\\\/\\\/www.tonka3d.com.br\\\/blog\\\/evento-dedicado-aos-fas-da-cultura-pop-junto-com-o-anime-friends\\\/\"]}]},{\"@type\":\"ImageObject\",\"inLanguage\":\"pt-BR\",\"@id\":\"https:\\\/\\\/www.tonka3d.com.br\\\/blog\\\/evento-dedicado-aos-fas-da-cultura-pop-junto-com-o-anime-friends\\\/#primaryimage\",\"url\":\"http:\\\/\\\/tonka3d.com.br\\\/blog\\\/wp-content\\\/uploads\\\/2014\\\/03\\\/brasil-comic-con-2014.jpg\",\"contentUrl\":\"http:\\\/\\\/tonka3d.com.br\\\/blog\\\/wp-content\\\/uploads\\\/2014\\\/03\\\/brasil-comic-con-2014.jpg\"},{\"@type\":\"BreadcrumbList\",\"@id\":\"https:\\\/\\\/www.tonka3d.com.br\\\/blog\\\/evento-dedicado-aos-fas-da-cultura-pop-junto-com-o-anime-friends\\\/#breadcrumb\",\"itemListElement\":[{\"@type\":\"ListItem\",\"position\":1,\"name\":\"In\u00edcio\",\"item\":\"https:\\\/\\\/www.tonka3d.com.br\\\/blog\\\/\"},{\"@type\":\"ListItem\",\"position\":2,\"name\":\"Evento dedicado aos f\u00e3s da cultura pop junto com o Anime Friends\"}]},{\"@type\":\"WebSite\",\"@id\":\"https:\\\/\\\/www.tonka3d.com.br\\\/blog\\\/#website\",\"url\":\"https:\\\/\\\/www.tonka3d.com.br\\\/blog\\\/\",\"name\":\"Blog Arte 3D Design Grafico Game Design\",\"description\":\"Not\u00edcias e F\u00f3rum sobre Design 3D Modelagem 3D e Game Design\",\"potentialAction\":[{\"@type\":\"SearchAction\",\"target\":{\"@type\":\"EntryPoint\",\"urlTemplate\":\"https:\\\/\\\/www.tonka3d.com.br\\\/blog\\\/?s={search_term_string}\"},\"query-input\":{\"@type\":\"PropertyValueSpecification\",\"valueRequired\":true,\"valueName\":\"search_term_string\"}}],\"inLanguage\":\"pt-BR\"},{\"@type\":\"Person\",\"@id\":\"https:\\\/\\\/www.tonka3d.com.br\\\/blog\\\/#\\\/schema\\\/person\\\/9c7860148a9d6d1993ffb306a9eb15f6\",\"name\":\"tonka3d\",\"image\":{\"@type\":\"ImageObject\",\"inLanguage\":\"pt-BR\",\"@id\":\"https:\\\/\\\/secure.gravatar.com\\\/avatar\\\/430a1b9bde1614087484a56a2c6d7b3ac87753cdc38a3df5e01ce24df30e6d05?s=96&d=monsterid&r=g\",\"url\":\"https:\\\/\\\/secure.gravatar.com\\\/avatar\\\/430a1b9bde1614087484a56a2c6d7b3ac87753cdc38a3df5e01ce24df30e6d05?s=96&d=monsterid&r=g\",\"contentUrl\":\"https:\\\/\\\/secure.gravatar.com\\\/avatar\\\/430a1b9bde1614087484a56a2c6d7b3ac87753cdc38a3df5e01ce24df30e6d05?s=96&d=monsterid&r=g\",\"caption\":\"tonka3d\"},\"description\":\"Criar, promover e ensinar conceitos art\u00edsticos para a \u00e1rea de 3D, design gr\u00e1fico, modelagem e anima\u00e7\u00e3o computadorizada, game design, visualiza\u00e7\u00e3o arquitet\u00f4nica e arte digital para a ind\u00fastria de entretenimento digital, publicidade, cinema e jogos eletr\u00f4nicos.\",\"sameAs\":[\"http:\\\/\\\/www.tonka3d.com.br\"]}]}<\/script>\n<!-- \/ Yoast SEO plugin. -->","yoast_head_json":{"title":"Evento dedicado aos f\u00e3s da cultura pop junto com o Anime Friends - Blog e F\u00f3rum sobre Arte e Design 3D","robots":{"index":"index","follow":"follow","max-snippet":"max-snippet:-1","max-image-preview":"max-image-preview:large","max-video-preview":"max-video-preview:-1"},"canonical":"https:\/\/www.tonka3d.com.br\/blog\/evento-dedicado-aos-fas-da-cultura-pop-junto-com-o-anime-friends\/","og_locale":"pt_BR","og_type":"article","og_title":"Evento dedicado aos f\u00e3s da cultura pop junto com o Anime Friends - Blog e F\u00f3rum sobre Arte e Design 3D","og_description":"Segunda edi\u00e7\u00e3o do Brasil Comic Con acontece em novembro, agora em local exclusivo e dedicado aos f\u00e3s da cultura pop. Com artistas internacionais como Michael Golden, Arthur Suydam e James O\u2019Barr, entre outros nomes e atra\u00e7\u00f5es, o evento que ano passado aconteceu no Anime Friends e contou com mais de 100 mil pessoas, entra em [&hellip;]","og_url":"https:\/\/www.tonka3d.com.br\/blog\/evento-dedicado-aos-fas-da-cultura-pop-junto-com-o-anime-friends\/","og_site_name":"Blog e F\u00f3rum sobre Arte e Design 3D","article_publisher":"https:\/\/www.facebook.com\/tonka3d","article_published_time":"2014-03-12T17:31:17+00:00","article_modified_time":"2014-12-07T02:36:05+00:00","og_image":[{"url":"http:\/\/tonka3d.com.br\/blog\/wp-content\/uploads\/2014\/03\/brasil-comic-con-2014.jpg","type":"","width":"","height":""}],"author":"tonka3d","twitter_card":"summary_large_image","twitter_creator":"@Tonka3D","twitter_site":"@Tonka3D","twitter_misc":{"Escrito por":"tonka3d","Est. tempo de leitura":"5 minutos"},"schema":{"@context":"https:\/\/schema.org","@graph":[{"@type":"Article","@id":"https:\/\/www.tonka3d.com.br\/blog\/evento-dedicado-aos-fas-da-cultura-pop-junto-com-o-anime-friends\/#article","isPartOf":{"@id":"https:\/\/www.tonka3d.com.br\/blog\/evento-dedicado-aos-fas-da-cultura-pop-junto-com-o-anime-friends\/"},"author":{"name":"tonka3d","@id":"https:\/\/www.tonka3d.com.br\/blog\/#\/schema\/person\/9c7860148a9d6d1993ffb306a9eb15f6"},"headline":"Evento dedicado aos f\u00e3s da cultura pop junto com o Anime Friends","datePublished":"2014-03-12T17:31:17+00:00","dateModified":"2014-12-07T02:36:05+00:00","mainEntityOfPage":{"@id":"https:\/\/www.tonka3d.com.br\/blog\/evento-dedicado-aos-fas-da-cultura-pop-junto-com-o-anime-friends\/"},"wordCount":958,"commentCount":0,"image":{"@id":"https:\/\/www.tonka3d.com.br\/blog\/evento-dedicado-aos-fas-da-cultura-pop-junto-com-o-anime-friends\/#primaryimage"},"thumbnailUrl":"http:\/\/tonka3d.com.br\/blog\/wp-content\/uploads\/2014\/03\/brasil-comic-con-2014.jpg","articleSection":["Novidades e Ofertas"],"inLanguage":"pt-BR","potentialAction":[{"@type":"CommentAction","name":"Comment","target":["https:\/\/www.tonka3d.com.br\/blog\/evento-dedicado-aos-fas-da-cultura-pop-junto-com-o-anime-friends\/#respond"]}]},{"@type":"WebPage","@id":"https:\/\/www.tonka3d.com.br\/blog\/evento-dedicado-aos-fas-da-cultura-pop-junto-com-o-anime-friends\/","url":"https:\/\/www.tonka3d.com.br\/blog\/evento-dedicado-aos-fas-da-cultura-pop-junto-com-o-anime-friends\/","name":"Evento dedicado aos f\u00e3s da cultura pop junto com o Anime Friends - Blog e F\u00f3rum sobre Arte e Design 3D","isPartOf":{"@id":"https:\/\/www.tonka3d.com.br\/blog\/#website"},"primaryImageOfPage":{"@id":"https:\/\/www.tonka3d.com.br\/blog\/evento-dedicado-aos-fas-da-cultura-pop-junto-com-o-anime-friends\/#primaryimage"},"image":{"@id":"https:\/\/www.tonka3d.com.br\/blog\/evento-dedicado-aos-fas-da-cultura-pop-junto-com-o-anime-friends\/#primaryimage"},"thumbnailUrl":"http:\/\/tonka3d.com.br\/blog\/wp-content\/uploads\/2014\/03\/brasil-comic-con-2014.jpg","datePublished":"2014-03-12T17:31:17+00:00","dateModified":"2014-12-07T02:36:05+00:00","author":{"@id":"https:\/\/www.tonka3d.com.br\/blog\/#\/schema\/person\/9c7860148a9d6d1993ffb306a9eb15f6"},"breadcrumb":{"@id":"https:\/\/www.tonka3d.com.br\/blog\/evento-dedicado-aos-fas-da-cultura-pop-junto-com-o-anime-friends\/#breadcrumb"},"inLanguage":"pt-BR","potentialAction":[{"@type":"ReadAction","target":["https:\/\/www.tonka3d.com.br\/blog\/evento-dedicado-aos-fas-da-cultura-pop-junto-com-o-anime-friends\/"]}]},{"@type":"ImageObject","inLanguage":"pt-BR","@id":"https:\/\/www.tonka3d.com.br\/blog\/evento-dedicado-aos-fas-da-cultura-pop-junto-com-o-anime-friends\/#primaryimage","url":"http:\/\/tonka3d.com.br\/blog\/wp-content\/uploads\/2014\/03\/brasil-comic-con-2014.jpg","contentUrl":"http:\/\/tonka3d.com.br\/blog\/wp-content\/uploads\/2014\/03\/brasil-comic-con-2014.jpg"},{"@type":"BreadcrumbList","@id":"https:\/\/www.tonka3d.com.br\/blog\/evento-dedicado-aos-fas-da-cultura-pop-junto-com-o-anime-friends\/#breadcrumb","itemListElement":[{"@type":"ListItem","position":1,"name":"In\u00edcio","item":"https:\/\/www.tonka3d.com.br\/blog\/"},{"@type":"ListItem","position":2,"name":"Evento dedicado aos f\u00e3s da cultura pop junto com o Anime Friends"}]},{"@type":"WebSite","@id":"https:\/\/www.tonka3d.com.br\/blog\/#website","url":"https:\/\/www.tonka3d.com.br\/blog\/","name":"Blog Arte 3D Design Grafico Game Design","description":"Not\u00edcias e F\u00f3rum sobre Design 3D Modelagem 3D e Game Design","potentialAction":[{"@type":"SearchAction","target":{"@type":"EntryPoint","urlTemplate":"https:\/\/www.tonka3d.com.br\/blog\/?s={search_term_string}"},"query-input":{"@type":"PropertyValueSpecification","valueRequired":true,"valueName":"search_term_string"}}],"inLanguage":"pt-BR"},{"@type":"Person","@id":"https:\/\/www.tonka3d.com.br\/blog\/#\/schema\/person\/9c7860148a9d6d1993ffb306a9eb15f6","name":"tonka3d","image":{"@type":"ImageObject","inLanguage":"pt-BR","@id":"https:\/\/secure.gravatar.com\/avatar\/430a1b9bde1614087484a56a2c6d7b3ac87753cdc38a3df5e01ce24df30e6d05?s=96&d=monsterid&r=g","url":"https:\/\/secure.gravatar.com\/avatar\/430a1b9bde1614087484a56a2c6d7b3ac87753cdc38a3df5e01ce24df30e6d05?s=96&d=monsterid&r=g","contentUrl":"https:\/\/secure.gravatar.com\/avatar\/430a1b9bde1614087484a56a2c6d7b3ac87753cdc38a3df5e01ce24df30e6d05?s=96&d=monsterid&r=g","caption":"tonka3d"},"description":"Criar, promover e ensinar conceitos art\u00edsticos para a \u00e1rea de 3D, design gr\u00e1fico, modelagem e anima\u00e7\u00e3o computadorizada, game design, visualiza\u00e7\u00e3o arquitet\u00f4nica e arte digital para a ind\u00fastria de entretenimento digital, publicidade, cinema e jogos eletr\u00f4nicos.","sameAs":["http:\/\/www.tonka3d.com.br"]}]}},"_links":{"self":[{"href":"https:\/\/www.tonka3d.com.br\/blog\/wp-json\/wp\/v2\/posts\/5763","targetHints":{"allow":["GET"]}}],"collection":[{"href":"https:\/\/www.tonka3d.com.br\/blog\/wp-json\/wp\/v2\/posts"}],"about":[{"href":"https:\/\/www.tonka3d.com.br\/blog\/wp-json\/wp\/v2\/types\/post"}],"author":[{"embeddable":true,"href":"https:\/\/www.tonka3d.com.br\/blog\/wp-json\/wp\/v2\/users\/1"}],"replies":[{"embeddable":true,"href":"https:\/\/www.tonka3d.com.br\/blog\/wp-json\/wp\/v2\/comments?post=5763"}],"version-history":[{"count":4,"href":"https:\/\/www.tonka3d.com.br\/blog\/wp-json\/wp\/v2\/posts\/5763\/revisions"}],"predecessor-version":[{"id":6425,"href":"https:\/\/www.tonka3d.com.br\/blog\/wp-json\/wp\/v2\/posts\/5763\/revisions\/6425"}],"wp:attachment":[{"href":"https:\/\/www.tonka3d.com.br\/blog\/wp-json\/wp\/v2\/media?parent=5763"}],"wp:term":[{"taxonomy":"category","embeddable":true,"href":"https:\/\/www.tonka3d.com.br\/blog\/wp-json\/wp\/v2\/categories?post=5763"},{"taxonomy":"post_tag","embeddable":true,"href":"https:\/\/www.tonka3d.com.br\/blog\/wp-json\/wp\/v2\/tags?post=5763"}],"curies":[{"name":"wp","href":"https:\/\/api.w.org\/{rel}","templated":true}]}}