{"id":6980,"date":"2015-11-09T15:48:25","date_gmt":"2015-11-09T17:48:25","guid":{"rendered":"http:\/\/tonka3d.com.br\/blog\/?p=6980"},"modified":"2015-11-13T22:13:56","modified_gmt":"2015-11-14T00:13:56","slug":"o-futuro-do-design-no-brasil-ate-2022","status":"publish","type":"post","link":"https:\/\/www.tonka3d.com.br\/blog\/o-futuro-do-design-no-brasil-ate-2022\/","title":{"rendered":"O futuro do design no Brasil at\u00e9 2022"},"content":{"rendered":"<p>Baseado em um estudo realizado pelo <a href=\"http:\/\/www.cbd.org.br\/\" target=\"_blank\">Centro Brasil Design<\/a>, que avaliou o desenvolvimento do setor de design, visando o aumento da competitividade da ind\u00fastria nacional, o trabalho resultou em tr\u00eas cen\u00e1rios, sendo um conservador, um moderado e um otimista. Estes pretendem fornecer uma rela\u00e7\u00e3o causa e efeito sobre como o setor do design pode ajudar no aumento da competitividade da ind\u00fastria nacional. Foram utilizados dois eixos condutores para analisar esses cen\u00e1rios: desenvolvimento do setor do design e a competitividade da ind\u00fastria brasileira.<\/p>\n<p><strong>1. CEN\u00c1RIO CONSERVADOR<\/strong><\/p>\n<p>Em 2022, o Brasil passa por uma crise econ\u00f4mica s\u00e9ria em virtude da desindustrializa\u00e7\u00e3o promovida pela entrada de produtos de outros pa\u00edses. As ind\u00fastrias veem o futuro produtivo do Brasil em decl\u00ednio e se posicionam de maneira a investir e levar seus polos produtivos para pa\u00edses com mais vantagens econ\u00f4micas. Com a baixa competitividade da ind\u00fastria, o setor de design se v\u00ea de maneira abandonada e sem muito progresso.\u00a0\u00a0N\u00e3o existe uma pol\u00edtica nacional de design, tampouco articula\u00e7\u00f5es para que isso possa ser uma realidade efetiva. As a\u00e7\u00f5es de promo\u00e7\u00e3o s\u00e3o pontuais e descoordenadas, trazendo aparente progresso e mascarando a profundidade dos problemas. A profiss\u00e3o n\u00e3o \u00e9 regulamentada e sofre pela marginaliza\u00e7\u00e3o e dificuldade de relacionamento com o setor p\u00fablico e o mercado. O design \u00e9 visto como uma simples atividade est\u00e9tica e n\u00e3o como uma a\u00e7\u00e3o estrat\u00e9gica voltada \u00e0 inova\u00e7\u00e3o. A profiss\u00e3o sofre com a invas\u00e3o de talentos estrangeiros que v\u00eam ganhando espa\u00e7o no mercado criativo interno. O conhecimento do design \u00e9 inserido apenas no ensino superior. H\u00e1 uma dissocia\u00e7\u00e3o cada vez\u00a0maior entre mercado e academia, o que desvaloriza o ensino do design e causa evas\u00e3o. O desinteresse pelo ensino superior aumenta a informalidade da profiss\u00e3o. H\u00e1 uma grande escassez e elitiza\u00e7\u00e3o dos talentos locais, o que promove a diminui\u00e7\u00e3o da oferta de talentos no mercado. Os designers continuam com a mesma forma\u00e7\u00e3o de oito anos atr\u00e1s, o que distancia o profissional da realidade de mercado. N\u00e3o existe uma compreens\u00e3o da import\u00e2ncia do design para a ind\u00fastria e as a\u00e7\u00f5es do governo acontecem de forma isolada e n\u00e3o articulada.\u00a0\u00a0Por falta de conhecimento e sensibiliza\u00e7\u00e3o no tema, o designer continua com pouca import\u00e2ncia, as empresas criativas trabalham de forma isolada sem troca de conhecimento e n\u00e3o h\u00e1 intera\u00e7\u00e3o entre as universidades e as empresas. As empresas de design atuam de diferentes formas dentro de diferentes condi\u00e7\u00f5es e n\u00e3o formam um segmento espec\u00edfico de mercado. O conhecimento gerado n\u00e3o \u00e9 compartilhado e \u00e9 irrelevante. A ci\u00eancia n\u00e3o \u00e9 aplicada. H\u00e1 uma grande dificuldade, barreiras tribut\u00e1rias e legais para a aquisi\u00e7\u00e3o de equipamentos e materiais necess\u00e1rios, nacionais e internacionais, \u00e0 pesquisa e ao desenvolvimento da competitividade nacional.<\/p>\n<p>N\u00e3o existem centros de pesquisa especializados em design. As metodologias e processos s\u00e3o estudados esporadicamente e os ensaios s\u00e3o realizados em laborat\u00f3rios n\u00e3o especializados. Existem in\u00fameras barreiras e dificuldades no registro de prote\u00e7\u00e3o intelectual. Ocorre um empobrecimento da atua\u00e7\u00e3o do setor por limita\u00e7\u00e3o de aquisi\u00e7\u00e3o de ferramentas de trabalho como equipamentos e softwares. N\u00e3o h\u00e1 fomento espec\u00edfico em design para promover integra\u00e7\u00e3o entre universidade e empresa, gerando um baixo fluxo de conhecimento. Os editais existentes tratam da inova\u00e7\u00e3o, e poucos contemplam design. Al\u00e9m disso, associam inova\u00e7\u00e3o \u00e0 tecnologia, contemplando apenas grandes ind\u00fastrias. Os \u00f3rg\u00e3os financiadores n\u00e3o t\u00eam compreens\u00e3o da import\u00e2ncia do design como fator de inova\u00e7\u00e3o e h\u00e1 uma diminui\u00e7\u00e3o de disponibilidade de recursos para a \u00e1rea como consequ\u00eancia de um cen\u00e1rio de retra\u00e7\u00e3o econ\u00f4mica. Os empres\u00e1rios n\u00e3o est\u00e3o conscientizados, os pr\u00eamios s\u00e3o mais valorizados pelos designers do que pelas ind\u00fastrias. E as a\u00e7\u00f5es existentes s\u00e3o realizadas de designers para designers, sem uma vis\u00e3o focada em neg\u00f3cios. A academia atende a demanda do mercado atual ocasionando a mediocriza\u00e7\u00e3o do ensino e o isolamento da produ\u00e7\u00e3o e prote\u00e7\u00e3o de ideias. H\u00e1 um aumento no desenvolvimento de pesquisas, por\u00e9m focadas em quantidade e n\u00e3o em qualidade, com pouca troca de conhecimento com o mercado. A falta de flexibilidade na forma de atua\u00e7\u00e3o dos pesquisadores aumenta seu afastamento da ind\u00fastria.<\/p>\n<figure id=\"attachment_7025\" aria-describedby=\"caption-attachment-7025\" style=\"width: 590px\" class=\"wp-caption aligncenter\"><a href=\"http:\/\/tonka3d.com.br\/blog\/wp-content\/uploads\/2015\/11\/modelo-3d-bicicleta-tonka3d.jpg\"><img loading=\"lazy\" decoding=\"async\" class=\"wp-image-7025\" title=\"Modelo 3d realista bicicleta por Tonka3d\" src=\"http:\/\/tonka3d.com.br\/blog\/wp-content\/uploads\/2015\/11\/modelo-3d-bicicleta-tonka3d-1024x576.jpg\" alt=\"modelo-3d-bicicleta-tonka3d\" width=\"590\" height=\"332\" srcset=\"https:\/\/www.tonka3d.com.br\/blog\/wp-content\/uploads\/2015\/11\/modelo-3d-bicicleta-tonka3d-1024x576.jpg 1024w, https:\/\/www.tonka3d.com.br\/blog\/wp-content\/uploads\/2015\/11\/modelo-3d-bicicleta-tonka3d-300x169.jpg 300w, https:\/\/www.tonka3d.com.br\/blog\/wp-content\/uploads\/2015\/11\/modelo-3d-bicicleta-tonka3d-900x506.jpg 900w, https:\/\/www.tonka3d.com.br\/blog\/wp-content\/uploads\/2015\/11\/modelo-3d-bicicleta-tonka3d.jpg 1280w\" sizes=\"auto, (max-width: 590px) 100vw, 590px\" \/><\/a><figcaption id=\"caption-attachment-7025\" class=\"wp-caption-text\"><em>Modelo 3D realista de uma bicicleta feita para o <a href=\"http:\/\/www.tonka3d.com.br\/curso-modelagem-3d-volume1.html\">curso de modelagem 3D<\/a> da Tonka3D (<strong>clique para ampliar<\/strong>)<\/em><\/figcaption><\/figure>\n<p>Em 2022, o Brasil vem conseguindo alavancar, por\u00e9m com alguma dificuldade, a ind\u00fastria brasileira e a melhoria em seus processos produtivos. A invas\u00e3o de produtos vindos de outros pa\u00edses, inclusive da China, faz com que os industriais brasileiros tomem isso como um est\u00edmulo e passem a investir mais nos processos produtivos. Os meios pol\u00edticos e institucionais buscam alternativas para que as ind\u00fastrias possam trabalhar de forma mais eficiente e competitiva. Percebe?se uma necessidade muito grande de mudan\u00e7a e um sentimento de que \u00e9 preciso trabalhar com mais efici\u00eancia a competitividade interna e externa, e agregar mais valor aos produtos brasileiros. Entende?se a necessidade de fazer mais uso de profissionais com capacidade criativa e o profissional de design \u00e9 um desses talentos que muito t\u00eam a agregar para a melhoria do cen\u00e1rio de desindustrializa\u00e7\u00e3o, devido \u00e0 capacidade de diferencia\u00e7\u00e3o de produtos e servi\u00e7os no mercado. Existe um movimento de articula\u00e7\u00e3o das institui\u00e7\u00f5es existentes para a cria\u00e7\u00e3o de uma pol\u00edtica nacional para o setor de design, por\u00e9m a falta de uma ag\u00eancia governamental gestora e com articula\u00e7\u00e3o pol\u00edtica e institucional faz com que as a\u00e7\u00f5es continuem pontuais e dispersas.<\/p>\n<p>Como consequ\u00eancia, os esfor\u00e7os s\u00e3o grandes, por\u00e9m com baixo resultado. Um dos fatos a ser comemorado \u00e9 que o design foi incorporado na pol\u00edtica p\u00fablica de inova\u00e7\u00e3o, promovendo maior intera\u00e7\u00e3o e competitividade para as ind\u00fastrias e tamb\u00e9m no setor do design. A regulamenta\u00e7\u00e3o da profiss\u00e3o \u00e9 uma realidade e faz com que o setor atue de maneira mais formal e organizada. Apesar de haver um ambiente prop\u00edcio para a produ\u00e7\u00e3o, o fator tributa\u00e7\u00e3o ainda \u00e9 algo a ser trabalhado, pois apesar de existirem movimentos legais nesse sentido, ainda n\u00e3o h\u00e1 pol\u00edticas p\u00fablicas claras que moderem os impostos para que haja maior competitividade no setor de design e nas empresas produtivas. A promo\u00e7\u00e3o no setor de design \u00e9 pulverizada.\u00a0O Brasil n\u00e3o tem um pr\u00eamio de excel\u00eancia que promova e caracterize a criatividade e produ\u00e7\u00e3o brasileira, existindo ainda uma quantidade excessiva e crescente de pr\u00eamios e concursos de design, sem foco ou especializa\u00e7\u00e3o. Como\u00a0consequ\u00eancia, as premia\u00e7\u00f5es diluem a valoriza\u00e7\u00e3o dos talentos e deixam de representar um diferencial no mercado. O excesso de premia\u00e7\u00f5es faz com que nenhuma seja de destaque e com real import\u00e2ncia.<\/p>\n<p>O design \u00e9 tratado como algo secund\u00e1rio em revistas setoriais sem destaque para a capacidade produtiva e estrat\u00e9gica da profiss\u00e3o. Existe uma crescente articula\u00e7\u00e3o dos atores envolvidos com o design, em prol de uma agenda \u00fanica e da sua valoriza\u00e7\u00e3o. Os atores promovem a\u00e7\u00f5es, por\u00e9m s\u00e3o isoladas e desarticuladas. Apesar de haver uma valoriza\u00e7\u00e3o dos talentos, o mercado entende que \u00e9 preciso maior sinergia para que a valoriza\u00e7\u00e3o profissional realmente aconte\u00e7a. Somente alguns escrit\u00f3rios se destacam, mas n\u00e3o s\u00e3o refer\u00eancias internacionais e ainda h\u00e1 uma evas\u00e3o de talentos do pa\u00eds. H\u00e1 mais fomento e acesso a ferramentas, equipamentos e softwares para estabelecer a formaliza\u00e7\u00e3o do profissional. Come\u00e7a a haver maior transfer\u00eancia de conhecimento da academia para o mercado e h\u00e1 um fortalecimento dos canais de divulga\u00e7\u00e3o e valoriza\u00e7\u00e3o dos talentos acad\u00eamicos. Os conhecimentos de design inseridos no ensino m\u00e9dio permitem melhor direcionamento profissional. As institui\u00e7\u00f5es passam a focar mais em gest\u00e3o do design em detrimento da forma\u00e7\u00e3o t\u00e9cnica. Entretanto, o mercado ainda precisa de profissionais com capacidade t\u00e9cnica, aliada a vis\u00e3o sist\u00eamica, estrat\u00e9gica e de mercado. Apesar de existirem muitas a\u00e7\u00f5es em design, elas s\u00e3o pulverizadas e pouco articuladas na promo\u00e7\u00e3o do design no cen\u00e1rio nacional e na sensibiliza\u00e7\u00e3o de gestores formadores de opini\u00e3o e o\u00a0p\u00fablico em geral. Por\u00e9m, come\u00e7a a haver maior divulga\u00e7\u00e3o e interlocu\u00e7\u00e3o com \u00f3rg\u00e3os de fomento e investimento para incluir o design nos instrumentos financiadores.<\/p>\n<p style=\"text-align: center;\"><em>&#8220;Prepare-se para o futuro com o melhor conte\u00fado sobre <a href=\"http:\/\/tonka3d.com.br\/curso-conceito-design-criacao-3d.html\">Conceito, Design e Cria\u00e7\u00e3o 3D<\/a>&#8220;<\/em><\/p>\n<p style=\"text-align: center;\"><a href=\"http:\/\/tonka3d.com.br\/curso-conceito-design-criacao-3d.html\"><img loading=\"lazy\" decoding=\"async\" class=\"wp-image-6982 size-full\" title=\"Conceito Design e Cria\u00e7\u00e3o 3D\" src=\"http:\/\/tonka3d.com.br\/blog\/wp-content\/uploads\/2015\/11\/curso-3d-design-conceito-criacao-3d.jpg\" alt=\"curso 3d design conceito criacao 3d\" width=\"300\" height=\"250\" \/><\/a><\/p>\n<p><strong>2. CEN\u00c1RIO MODERADO<\/strong><\/p>\n<p>Passam a existir mais programas de incentivo \u00e0 integra\u00e7\u00e3o universidade empresa e centros de pesquisas, mas esses n\u00e3o s\u00e3o amplamente implementados, diminuindo a articula\u00e7\u00e3o com as empresas e se atendo a a\u00e7\u00f5es pontuais.\u00a0O interesse na cria\u00e7\u00e3o de programas do governo para incentivar a inser\u00e7\u00e3o da cultura do design na ind\u00fastria \u00e9 mais frequente, no entanto, os recursos s\u00e3o esparsos. Quanto \u00e0 gera\u00e7\u00e3o de conhecimento, h\u00e1 valoriza\u00e7\u00e3o das pesquisas aplicadas e um pequeno aumento de produ\u00e7\u00f5es cient\u00edficas e patentes, mas ainda com pouca aplica\u00e7\u00e3o. O foco e o interesse das pesquisas se limitam ao mercado e \u00e0s estrat\u00e9gias nacionais e alinhamento das unidades de P&amp;D. H\u00e1 um movimento para o desenvolvimento de ambientes prop\u00edcios \u00e0 inova\u00e7\u00e3o, por\u00e9m s\u00e3o pontuais e n\u00e3o se concretizam.<\/p>\n<p><strong>1. CEN\u00c1RIO OTIMISTA<\/strong><\/p>\n<p>Em 2022, h\u00e1 uma maior tend\u00eancia na participa\u00e7\u00e3o e integra\u00e7\u00e3o da ind\u00fastria brasileira nas cadeias globais. Nesse sentido, h\u00e1 um grande impulso na competitividade industrial e uma prerrogativa em fortalecer o que \u00e9 produzido pelo Brasil. Dentro de um cen\u00e1rio no qual os neg\u00f3cios de transforma\u00e7\u00e3o n\u00e3o s\u00e3o t\u00e3o promissores, \u00e9 preciso mais que criatividade, \u00e9 preciso trabalhar com t\u00e9cnica e compromisso de querer fazer o pa\u00eds se destacar por seus servi\u00e7os criativos. O profissional de design \u00e9 um desses talentos que muito tem a agregar e impactar no crescimento da economia nacional.<\/p>\n<p>Considerando isso, h\u00e1 um ambiente legal para a atua\u00e7\u00e3o das empresas de design com pol\u00edticas p\u00fablicas inovadoras, espec\u00edficas e tribut\u00e1rias, e de incentivo para desenvolver o mercado de design. Isso faz com que os talentos profissionais sintam?se valorizados, e com isso o pa\u00eds ret\u00e9m seus talentos criativos agregando maior valor \u00e0 identidade brasileira.\u00a0\u00a0A valoriza\u00e7\u00e3o do profissional e do mercado de design traz grandes benef\u00edcios a toda uma cadeia produtiva de valor. Dentro de um c\u00edrculo virtuoso, haver\u00e1 maior compreens\u00e3o e com isso inser\u00e7\u00e3o do conte\u00fado design no ensino fundamental e m\u00e9dio, acarretando assim uma maior percep\u00e7\u00e3o sobre uma profiss\u00e3o de futuro e signific\u00e2ncia no mercado e tamb\u00e9m uma compreens\u00e3o do cidad\u00e3o quanto ao que vem a ser design. Esse processo educativo permite que o cidad\u00e3o tenha ainda uma compreens\u00e3o melhor dos produtos e, consequentemente,\u00a0\u00a0se torne um consumidor mais consciente de suas escolhas, como tamb\u00e9m deixa as ind\u00fastrias mais abertas aos processos de inova\u00e7\u00e3o. Outro fator importante nesse cen\u00e1rio \u00e9 a troca e a sinergia que o mercado ter\u00e1 com o sistema de ensino. As ind\u00fastrias est\u00e3o abertas e s\u00e3o parceiras das universidades, trazendo assim uma maior articula\u00e7\u00e3o entre o ensino e o mercado. Atividades de articula\u00e7\u00e3o e troca de conhecimento entre mercado e talentos \u00e9 um quesito importante dentro das linhas de fomento. O\u00a0mercado \u00e9 produtor do conhecimento t\u00e1cito e a academia aproveita esse conhecimento para gerar conte\u00fado e avan\u00e7ar em novos modelos de educa\u00e7\u00e3o, valorizando as pesquisas aplicadas de forma equilibrada e eficiente.<\/p>\n<p>Alguns modelos eficientes de integra\u00e7\u00e3o entre universidade e empresa geram um canal mais aberto para open innovation, trazendo o lado pr\u00e1tico da ind\u00fastria e do mercado para dentro das universidades. A promo\u00e7\u00e3o e a visibilidade para os produtos brasileiros e seus talentos s\u00e3o essenciais dentro das pol\u00edticas p\u00fablicas que envolvem inova\u00e7\u00e3o e o desenvolvimento industrial do pa\u00eds e por isso linhas de fomento e investimentos voltados para produ\u00e7\u00e3o de pesquisa, participa\u00e7\u00e3o em congressos, exposi\u00e7\u00f5es, feiras comerciais e publica\u00e7\u00f5es s\u00e3o uma realidade, assim como o incentivo e fomento \u00e0 resid\u00eancia t\u00e9cnica com o objetivo de formar melhor os <a href=\"http:\/\/tonka3d.com.br\/curso-conceito-design-criacao-3d.html\">talentos em design<\/a>. Um fator positivo\u00a0em 2022 \u00e9 que as pol\u00edticas de design est\u00e3o bem definidas, focadas e significativas.\u00a0H\u00e1 uma ag\u00eancia governamental, com recurso pr\u00f3prio, que articula, pensa, estuda e promove o design nas esferas governamentais e industriais, alinhando e criando sinergia entre as a\u00e7\u00f5es ligadas ao design e a competitividade da ind\u00fastria nacional. Um dos pontos fortes \u00e9 que a profiss\u00e3o est\u00e1 regulamentada, promovendo maior competitividade profissional e sinergia entre as associa\u00e7\u00f5es profissionais, facilitando a mensura\u00e7\u00e3o da atividade e maior seguran\u00e7a e benef\u00edcio ao setor, inclusive nas quest\u00f5es tribut\u00e1rias. O design, por ser um fator preponderante na pol\u00edtica nacional de inova\u00e7\u00e3o, \u00e9 incentivado e promovido por \u00f3rg\u00e3os de fomento, h\u00e1 disponibilidade or\u00e7ament\u00e1ria focada na promo\u00e7\u00e3o do design nacional e internacional; h\u00e1 linhas de cr\u00e9dito e redu\u00e7\u00e3o de impostos para aquisi\u00e7\u00e3o de softwares, equipamentos e ferramentas de trabalho que apoiem a forma\u00e7\u00e3o de novos talentos. O setor de tecnologia \u00e9 um grande aliado dos novos talentos e das ind\u00fastrias, pois existem polos tecnol\u00f3gicos pr\u00f3ximos aos centros industriais, onde est\u00e3o localizadas empresas de segmentos e tecnologias diferentes, gerando um ambiente prop\u00edcio \u00e0 criatividade e \u00e0 inova\u00e7\u00e3o.<\/p>\n<p>As universidades est\u00e3o fortemente ligadas aos clusters inovadores. N\u00e3o h\u00e1 barreiras formais para integra\u00e7\u00e3o universidade\u00a0?\u00a0empresa, criando assim uma aplica\u00e7\u00e3o pr\u00e1tica de novos conhecimentos na ind\u00fastria e nas universidades.\u00a0\u00a0Sem tais barreiras, existem facilidades para aquisi\u00e7\u00e3o de equipamentos e materiais, nacionais e internacionais, para empresas criativas, laborat\u00f3rios e institui\u00e7\u00f5es ligadas ao design e \u00e0 inova\u00e7\u00e3o. Existem centros, n\u00facleos e laborat\u00f3rios de design independentes ou dentro das universidades que estudam tanto as metodologias do design em si quanto os diversos segmentos da ind\u00fastria e os ensaios laboratoriais. Existe um sistema de prote\u00e7\u00e3o intelectual \u00e1gil, simplificado e de f\u00e1cil acesso e amplamente utilizado pelas empresas, designers e estudantes. Os efeitos positivos aumentam a intelig\u00eancia coletiva com o mercado e as atividades do setor do design ajustadas e funcionando em prol de uma economia mais efetiva. H\u00e1 o reconhecimento internacional da qualidade do design brasileiro. O design se torna um dos fatores preponderantes na Pol\u00edtica Nacional de Inova\u00e7\u00e3o. O setor de design ganha tanta signific\u00e2ncia que o Presidente da Rep\u00fablica abre a cerim\u00f4nia de premia\u00e7\u00e3o do maior pr\u00eamio de design no Brasil.<\/p>\n<p><strong>RESUMO<\/strong><\/p>\n<p><span style=\"text-decoration: underline;\">Conservador<\/span>: Mercado confuso e informal. Talentos marginalizados e alta estagna\u00e7\u00e3o profissional. Produ\u00e7\u00e3o de conhecimento alta, por\u00e9m com baixa qualidade. Ambiente pol\u00edtico e institucional desorganizado e passivo. Investimentos e linhas de fomento com baixa compreens\u00e3o e baixa\u00a0articula\u00e7\u00e3o. Tecnologia desenvolvida e com grande dificuldade em aquisi\u00e7\u00e3o.<\/p>\n<p><span style=\"text-decoration: underline;\">Moderado<\/span>: Mercado em crescimento moderado. Talentos com valoriza\u00e7\u00e3o moderada. Produ\u00e7\u00e3o do conhecimento com aproveitamento moderado. Ambiente pol\u00edtico e institucional em alinhamento moderado. Investimentos e linhas de fomento com disponibilidade moderada. Tecnologia bastante desenvolvida, mas com pouco aproveitamento.<\/p>\n<p><span style=\"text-decoration: underline;\">Otimista<\/span>: Mercado focado na inova\u00e7\u00e3o e alta competitividade da ind\u00fastria. Talentos com alta valoriza\u00e7\u00e3o e alto \u00edndice de profissionalismo.<br \/>\nProdu\u00e7\u00e3o de conhecimento com alto aproveitamento da ind\u00fastria. Ambiente pol\u00edtico e institucional afinado com o setor de design. Investimento e linhas de fomento alinhados e voltados \u00e0 competitividade. Tecnologia em crescimento elevado e de f\u00e1cil acesso.<\/p>\n<p style=\"text-align: center;\"><em>&#8220;Prepare-se para o futuro com o melhor conte\u00fado sobre <a href=\"http:\/\/tonka3d.com.br\/curso-conceito-design-criacao-3d.html\">Conceito, Design e Cria\u00e7\u00e3o 3D<\/a>&#8220;<\/em><\/p>\n<p style=\"text-align: center;\"><a href=\"http:\/\/tonka3d.com.br\/curso-conceito-design-criacao-3d.html\"><img loading=\"lazy\" decoding=\"async\" class=\"wp-image-6981 size-full\" title=\"Conceito Design e Criacao 3d\" src=\"http:\/\/tonka3d.com.br\/blog\/wp-content\/uploads\/2015\/11\/curso-design-3d-conceito-criacao-3d.jpg\" alt=\"curso-design-3d-conceito-criacao-3d\" width=\"468\" height=\"60\" srcset=\"https:\/\/www.tonka3d.com.br\/blog\/wp-content\/uploads\/2015\/11\/curso-design-3d-conceito-criacao-3d.jpg 468w, https:\/\/www.tonka3d.com.br\/blog\/wp-content\/uploads\/2015\/11\/curso-design-3d-conceito-criacao-3d-300x38.jpg 300w\" sizes=\"auto, (max-width: 468px) 100vw, 468px\" \/><\/a><\/p>\n","protected":false},"excerpt":{"rendered":"<p>Baseado em um estudo realizado pelo Centro Brasil Design, que avaliou o desenvolvimento do setor de design, visando o aumento da competitividade da ind\u00fastria nacional, o trabalho resultou em tr\u00eas cen\u00e1rios, sendo um conservador, um moderado e um otimista. Estes pretendem fornecer uma rela\u00e7\u00e3o causa e efeito sobre como o setor do design pode ajudar [&hellip;]<\/p>\n","protected":false},"author":1,"featured_media":0,"comment_status":"open","ping_status":"open","sticky":false,"template":"","format":"standard","meta":{"footnotes":""},"categories":[6],"tags":[],"class_list":["post-6980","post","type-post","status-publish","format-standard","hentry","category-dicas-sobre-3d-arte-design-computacao-grafica"],"yoast_head":"<!-- This site is optimized with the Yoast SEO plugin v27.4 - https:\/\/yoast.com\/product\/yoast-seo-wordpress\/ -->\n<title>O futuro do design no Brasil at\u00e9 2022 - Blog e F\u00f3rum sobre Arte e Design 3D<\/title>\n<meta name=\"robots\" content=\"index, follow, max-snippet:-1, max-image-preview:large, max-video-preview:-1\" \/>\n<link rel=\"canonical\" href=\"https:\/\/www.tonka3d.com.br\/blog\/o-futuro-do-design-no-brasil-ate-2022\/\" \/>\n<meta property=\"og:locale\" content=\"pt_BR\" \/>\n<meta property=\"og:type\" content=\"article\" \/>\n<meta property=\"og:title\" content=\"O futuro do design no Brasil at\u00e9 2022 - Blog e F\u00f3rum sobre Arte e Design 3D\" \/>\n<meta property=\"og:description\" content=\"Baseado em um estudo realizado pelo Centro Brasil Design, que avaliou o desenvolvimento do setor de design, visando o aumento da competitividade da ind\u00fastria nacional, o trabalho resultou em tr\u00eas cen\u00e1rios, sendo um conservador, um moderado e um otimista. Estes pretendem fornecer uma rela\u00e7\u00e3o causa e efeito sobre como o setor do design pode ajudar [&hellip;]\" \/>\n<meta property=\"og:url\" content=\"https:\/\/www.tonka3d.com.br\/blog\/o-futuro-do-design-no-brasil-ate-2022\/\" \/>\n<meta property=\"og:site_name\" content=\"Blog e F\u00f3rum sobre Arte e Design 3D\" \/>\n<meta property=\"article:publisher\" content=\"https:\/\/www.facebook.com\/tonka3d\" \/>\n<meta property=\"article:published_time\" content=\"2015-11-09T17:48:25+00:00\" \/>\n<meta property=\"article:modified_time\" content=\"2015-11-14T00:13:56+00:00\" \/>\n<meta property=\"og:image\" content=\"http:\/\/tonka3d.com.br\/blog\/wp-content\/uploads\/2015\/11\/modelo-3d-bicicleta-tonka3d-1024x576.jpg\" \/>\n<meta name=\"author\" content=\"tonka3d\" \/>\n<meta name=\"twitter:card\" content=\"summary_large_image\" \/>\n<meta name=\"twitter:creator\" content=\"@Tonka3D\" \/>\n<meta name=\"twitter:site\" content=\"@Tonka3D\" \/>\n<meta name=\"twitter:label1\" content=\"Escrito por\" \/>\n\t<meta name=\"twitter:data1\" content=\"tonka3d\" \/>\n\t<meta name=\"twitter:label2\" content=\"Est. tempo de leitura\" \/>\n\t<meta name=\"twitter:data2\" content=\"14 minutos\" \/>\n<script type=\"application\/ld+json\" class=\"yoast-schema-graph\">{\"@context\":\"https:\\\/\\\/schema.org\",\"@graph\":[{\"@type\":\"Article\",\"@id\":\"https:\\\/\\\/www.tonka3d.com.br\\\/blog\\\/o-futuro-do-design-no-brasil-ate-2022\\\/#article\",\"isPartOf\":{\"@id\":\"https:\\\/\\\/www.tonka3d.com.br\\\/blog\\\/o-futuro-do-design-no-brasil-ate-2022\\\/\"},\"author\":{\"name\":\"tonka3d\",\"@id\":\"https:\\\/\\\/www.tonka3d.com.br\\\/blog\\\/#\\\/schema\\\/person\\\/9c7860148a9d6d1993ffb306a9eb15f6\"},\"headline\":\"O futuro do design no Brasil at\u00e9 2022\",\"datePublished\":\"2015-11-09T17:48:25+00:00\",\"dateModified\":\"2015-11-14T00:13:56+00:00\",\"mainEntityOfPage\":{\"@id\":\"https:\\\/\\\/www.tonka3d.com.br\\\/blog\\\/o-futuro-do-design-no-brasil-ate-2022\\\/\"},\"wordCount\":2713,\"commentCount\":0,\"image\":{\"@id\":\"https:\\\/\\\/www.tonka3d.com.br\\\/blog\\\/o-futuro-do-design-no-brasil-ate-2022\\\/#primaryimage\"},\"thumbnailUrl\":\"http:\\\/\\\/tonka3d.com.br\\\/blog\\\/wp-content\\\/uploads\\\/2015\\\/11\\\/modelo-3d-bicicleta-tonka3d-1024x576.jpg\",\"articleSection\":[\"Dicas sobre 3D, Arte e Design\"],\"inLanguage\":\"pt-BR\",\"potentialAction\":[{\"@type\":\"CommentAction\",\"name\":\"Comment\",\"target\":[\"https:\\\/\\\/www.tonka3d.com.br\\\/blog\\\/o-futuro-do-design-no-brasil-ate-2022\\\/#respond\"]}]},{\"@type\":\"WebPage\",\"@id\":\"https:\\\/\\\/www.tonka3d.com.br\\\/blog\\\/o-futuro-do-design-no-brasil-ate-2022\\\/\",\"url\":\"https:\\\/\\\/www.tonka3d.com.br\\\/blog\\\/o-futuro-do-design-no-brasil-ate-2022\\\/\",\"name\":\"O futuro do design no Brasil at\u00e9 2022 - Blog e F\u00f3rum sobre Arte e Design 3D\",\"isPartOf\":{\"@id\":\"https:\\\/\\\/www.tonka3d.com.br\\\/blog\\\/#website\"},\"primaryImageOfPage\":{\"@id\":\"https:\\\/\\\/www.tonka3d.com.br\\\/blog\\\/o-futuro-do-design-no-brasil-ate-2022\\\/#primaryimage\"},\"image\":{\"@id\":\"https:\\\/\\\/www.tonka3d.com.br\\\/blog\\\/o-futuro-do-design-no-brasil-ate-2022\\\/#primaryimage\"},\"thumbnailUrl\":\"http:\\\/\\\/tonka3d.com.br\\\/blog\\\/wp-content\\\/uploads\\\/2015\\\/11\\\/modelo-3d-bicicleta-tonka3d-1024x576.jpg\",\"datePublished\":\"2015-11-09T17:48:25+00:00\",\"dateModified\":\"2015-11-14T00:13:56+00:00\",\"author\":{\"@id\":\"https:\\\/\\\/www.tonka3d.com.br\\\/blog\\\/#\\\/schema\\\/person\\\/9c7860148a9d6d1993ffb306a9eb15f6\"},\"breadcrumb\":{\"@id\":\"https:\\\/\\\/www.tonka3d.com.br\\\/blog\\\/o-futuro-do-design-no-brasil-ate-2022\\\/#breadcrumb\"},\"inLanguage\":\"pt-BR\",\"potentialAction\":[{\"@type\":\"ReadAction\",\"target\":[\"https:\\\/\\\/www.tonka3d.com.br\\\/blog\\\/o-futuro-do-design-no-brasil-ate-2022\\\/\"]}]},{\"@type\":\"ImageObject\",\"inLanguage\":\"pt-BR\",\"@id\":\"https:\\\/\\\/www.tonka3d.com.br\\\/blog\\\/o-futuro-do-design-no-brasil-ate-2022\\\/#primaryimage\",\"url\":\"http:\\\/\\\/tonka3d.com.br\\\/blog\\\/wp-content\\\/uploads\\\/2015\\\/11\\\/modelo-3d-bicicleta-tonka3d-1024x576.jpg\",\"contentUrl\":\"http:\\\/\\\/tonka3d.com.br\\\/blog\\\/wp-content\\\/uploads\\\/2015\\\/11\\\/modelo-3d-bicicleta-tonka3d-1024x576.jpg\"},{\"@type\":\"BreadcrumbList\",\"@id\":\"https:\\\/\\\/www.tonka3d.com.br\\\/blog\\\/o-futuro-do-design-no-brasil-ate-2022\\\/#breadcrumb\",\"itemListElement\":[{\"@type\":\"ListItem\",\"position\":1,\"name\":\"In\u00edcio\",\"item\":\"https:\\\/\\\/www.tonka3d.com.br\\\/blog\\\/\"},{\"@type\":\"ListItem\",\"position\":2,\"name\":\"O futuro do design no Brasil at\u00e9 2022\"}]},{\"@type\":\"WebSite\",\"@id\":\"https:\\\/\\\/www.tonka3d.com.br\\\/blog\\\/#website\",\"url\":\"https:\\\/\\\/www.tonka3d.com.br\\\/blog\\\/\",\"name\":\"Blog Arte 3D Design Grafico Game Design\",\"description\":\"Not\u00edcias e F\u00f3rum sobre Design 3D Modelagem 3D e Game Design\",\"potentialAction\":[{\"@type\":\"SearchAction\",\"target\":{\"@type\":\"EntryPoint\",\"urlTemplate\":\"https:\\\/\\\/www.tonka3d.com.br\\\/blog\\\/?s={search_term_string}\"},\"query-input\":{\"@type\":\"PropertyValueSpecification\",\"valueRequired\":true,\"valueName\":\"search_term_string\"}}],\"inLanguage\":\"pt-BR\"},{\"@type\":\"Person\",\"@id\":\"https:\\\/\\\/www.tonka3d.com.br\\\/blog\\\/#\\\/schema\\\/person\\\/9c7860148a9d6d1993ffb306a9eb15f6\",\"name\":\"tonka3d\",\"image\":{\"@type\":\"ImageObject\",\"inLanguage\":\"pt-BR\",\"@id\":\"https:\\\/\\\/secure.gravatar.com\\\/avatar\\\/430a1b9bde1614087484a56a2c6d7b3ac87753cdc38a3df5e01ce24df30e6d05?s=96&d=monsterid&r=g\",\"url\":\"https:\\\/\\\/secure.gravatar.com\\\/avatar\\\/430a1b9bde1614087484a56a2c6d7b3ac87753cdc38a3df5e01ce24df30e6d05?s=96&d=monsterid&r=g\",\"contentUrl\":\"https:\\\/\\\/secure.gravatar.com\\\/avatar\\\/430a1b9bde1614087484a56a2c6d7b3ac87753cdc38a3df5e01ce24df30e6d05?s=96&d=monsterid&r=g\",\"caption\":\"tonka3d\"},\"description\":\"Criar, promover e ensinar conceitos art\u00edsticos para a \u00e1rea de 3D, design gr\u00e1fico, modelagem e anima\u00e7\u00e3o computadorizada, game design, visualiza\u00e7\u00e3o arquitet\u00f4nica e arte digital para a ind\u00fastria de entretenimento digital, publicidade, cinema e jogos eletr\u00f4nicos.\",\"sameAs\":[\"http:\\\/\\\/www.tonka3d.com.br\"]}]}<\/script>\n<!-- \/ Yoast SEO plugin. -->","yoast_head_json":{"title":"O futuro do design no Brasil at\u00e9 2022 - Blog e F\u00f3rum sobre Arte e Design 3D","robots":{"index":"index","follow":"follow","max-snippet":"max-snippet:-1","max-image-preview":"max-image-preview:large","max-video-preview":"max-video-preview:-1"},"canonical":"https:\/\/www.tonka3d.com.br\/blog\/o-futuro-do-design-no-brasil-ate-2022\/","og_locale":"pt_BR","og_type":"article","og_title":"O futuro do design no Brasil at\u00e9 2022 - Blog e F\u00f3rum sobre Arte e Design 3D","og_description":"Baseado em um estudo realizado pelo Centro Brasil Design, que avaliou o desenvolvimento do setor de design, visando o aumento da competitividade da ind\u00fastria nacional, o trabalho resultou em tr\u00eas cen\u00e1rios, sendo um conservador, um moderado e um otimista. Estes pretendem fornecer uma rela\u00e7\u00e3o causa e efeito sobre como o setor do design pode ajudar [&hellip;]","og_url":"https:\/\/www.tonka3d.com.br\/blog\/o-futuro-do-design-no-brasil-ate-2022\/","og_site_name":"Blog e F\u00f3rum sobre Arte e Design 3D","article_publisher":"https:\/\/www.facebook.com\/tonka3d","article_published_time":"2015-11-09T17:48:25+00:00","article_modified_time":"2015-11-14T00:13:56+00:00","og_image":[{"url":"http:\/\/tonka3d.com.br\/blog\/wp-content\/uploads\/2015\/11\/modelo-3d-bicicleta-tonka3d-1024x576.jpg","type":"","width":"","height":""}],"author":"tonka3d","twitter_card":"summary_large_image","twitter_creator":"@Tonka3D","twitter_site":"@Tonka3D","twitter_misc":{"Escrito por":"tonka3d","Est. tempo de leitura":"14 minutos"},"schema":{"@context":"https:\/\/schema.org","@graph":[{"@type":"Article","@id":"https:\/\/www.tonka3d.com.br\/blog\/o-futuro-do-design-no-brasil-ate-2022\/#article","isPartOf":{"@id":"https:\/\/www.tonka3d.com.br\/blog\/o-futuro-do-design-no-brasil-ate-2022\/"},"author":{"name":"tonka3d","@id":"https:\/\/www.tonka3d.com.br\/blog\/#\/schema\/person\/9c7860148a9d6d1993ffb306a9eb15f6"},"headline":"O futuro do design no Brasil at\u00e9 2022","datePublished":"2015-11-09T17:48:25+00:00","dateModified":"2015-11-14T00:13:56+00:00","mainEntityOfPage":{"@id":"https:\/\/www.tonka3d.com.br\/blog\/o-futuro-do-design-no-brasil-ate-2022\/"},"wordCount":2713,"commentCount":0,"image":{"@id":"https:\/\/www.tonka3d.com.br\/blog\/o-futuro-do-design-no-brasil-ate-2022\/#primaryimage"},"thumbnailUrl":"http:\/\/tonka3d.com.br\/blog\/wp-content\/uploads\/2015\/11\/modelo-3d-bicicleta-tonka3d-1024x576.jpg","articleSection":["Dicas sobre 3D, Arte e Design"],"inLanguage":"pt-BR","potentialAction":[{"@type":"CommentAction","name":"Comment","target":["https:\/\/www.tonka3d.com.br\/blog\/o-futuro-do-design-no-brasil-ate-2022\/#respond"]}]},{"@type":"WebPage","@id":"https:\/\/www.tonka3d.com.br\/blog\/o-futuro-do-design-no-brasil-ate-2022\/","url":"https:\/\/www.tonka3d.com.br\/blog\/o-futuro-do-design-no-brasil-ate-2022\/","name":"O futuro do design no Brasil at\u00e9 2022 - Blog e F\u00f3rum sobre Arte e Design 3D","isPartOf":{"@id":"https:\/\/www.tonka3d.com.br\/blog\/#website"},"primaryImageOfPage":{"@id":"https:\/\/www.tonka3d.com.br\/blog\/o-futuro-do-design-no-brasil-ate-2022\/#primaryimage"},"image":{"@id":"https:\/\/www.tonka3d.com.br\/blog\/o-futuro-do-design-no-brasil-ate-2022\/#primaryimage"},"thumbnailUrl":"http:\/\/tonka3d.com.br\/blog\/wp-content\/uploads\/2015\/11\/modelo-3d-bicicleta-tonka3d-1024x576.jpg","datePublished":"2015-11-09T17:48:25+00:00","dateModified":"2015-11-14T00:13:56+00:00","author":{"@id":"https:\/\/www.tonka3d.com.br\/blog\/#\/schema\/person\/9c7860148a9d6d1993ffb306a9eb15f6"},"breadcrumb":{"@id":"https:\/\/www.tonka3d.com.br\/blog\/o-futuro-do-design-no-brasil-ate-2022\/#breadcrumb"},"inLanguage":"pt-BR","potentialAction":[{"@type":"ReadAction","target":["https:\/\/www.tonka3d.com.br\/blog\/o-futuro-do-design-no-brasil-ate-2022\/"]}]},{"@type":"ImageObject","inLanguage":"pt-BR","@id":"https:\/\/www.tonka3d.com.br\/blog\/o-futuro-do-design-no-brasil-ate-2022\/#primaryimage","url":"http:\/\/tonka3d.com.br\/blog\/wp-content\/uploads\/2015\/11\/modelo-3d-bicicleta-tonka3d-1024x576.jpg","contentUrl":"http:\/\/tonka3d.com.br\/blog\/wp-content\/uploads\/2015\/11\/modelo-3d-bicicleta-tonka3d-1024x576.jpg"},{"@type":"BreadcrumbList","@id":"https:\/\/www.tonka3d.com.br\/blog\/o-futuro-do-design-no-brasil-ate-2022\/#breadcrumb","itemListElement":[{"@type":"ListItem","position":1,"name":"In\u00edcio","item":"https:\/\/www.tonka3d.com.br\/blog\/"},{"@type":"ListItem","position":2,"name":"O futuro do design no Brasil at\u00e9 2022"}]},{"@type":"WebSite","@id":"https:\/\/www.tonka3d.com.br\/blog\/#website","url":"https:\/\/www.tonka3d.com.br\/blog\/","name":"Blog Arte 3D Design Grafico Game Design","description":"Not\u00edcias e F\u00f3rum sobre Design 3D Modelagem 3D e Game Design","potentialAction":[{"@type":"SearchAction","target":{"@type":"EntryPoint","urlTemplate":"https:\/\/www.tonka3d.com.br\/blog\/?s={search_term_string}"},"query-input":{"@type":"PropertyValueSpecification","valueRequired":true,"valueName":"search_term_string"}}],"inLanguage":"pt-BR"},{"@type":"Person","@id":"https:\/\/www.tonka3d.com.br\/blog\/#\/schema\/person\/9c7860148a9d6d1993ffb306a9eb15f6","name":"tonka3d","image":{"@type":"ImageObject","inLanguage":"pt-BR","@id":"https:\/\/secure.gravatar.com\/avatar\/430a1b9bde1614087484a56a2c6d7b3ac87753cdc38a3df5e01ce24df30e6d05?s=96&d=monsterid&r=g","url":"https:\/\/secure.gravatar.com\/avatar\/430a1b9bde1614087484a56a2c6d7b3ac87753cdc38a3df5e01ce24df30e6d05?s=96&d=monsterid&r=g","contentUrl":"https:\/\/secure.gravatar.com\/avatar\/430a1b9bde1614087484a56a2c6d7b3ac87753cdc38a3df5e01ce24df30e6d05?s=96&d=monsterid&r=g","caption":"tonka3d"},"description":"Criar, promover e ensinar conceitos art\u00edsticos para a \u00e1rea de 3D, design gr\u00e1fico, modelagem e anima\u00e7\u00e3o computadorizada, game design, visualiza\u00e7\u00e3o arquitet\u00f4nica e arte digital para a ind\u00fastria de entretenimento digital, publicidade, cinema e jogos eletr\u00f4nicos.","sameAs":["http:\/\/www.tonka3d.com.br"]}]}},"_links":{"self":[{"href":"https:\/\/www.tonka3d.com.br\/blog\/wp-json\/wp\/v2\/posts\/6980","targetHints":{"allow":["GET"]}}],"collection":[{"href":"https:\/\/www.tonka3d.com.br\/blog\/wp-json\/wp\/v2\/posts"}],"about":[{"href":"https:\/\/www.tonka3d.com.br\/blog\/wp-json\/wp\/v2\/types\/post"}],"author":[{"embeddable":true,"href":"https:\/\/www.tonka3d.com.br\/blog\/wp-json\/wp\/v2\/users\/1"}],"replies":[{"embeddable":true,"href":"https:\/\/www.tonka3d.com.br\/blog\/wp-json\/wp\/v2\/comments?post=6980"}],"version-history":[{"count":18,"href":"https:\/\/www.tonka3d.com.br\/blog\/wp-json\/wp\/v2\/posts\/6980\/revisions"}],"predecessor-version":[{"id":7029,"href":"https:\/\/www.tonka3d.com.br\/blog\/wp-json\/wp\/v2\/posts\/6980\/revisions\/7029"}],"wp:attachment":[{"href":"https:\/\/www.tonka3d.com.br\/blog\/wp-json\/wp\/v2\/media?parent=6980"}],"wp:term":[{"taxonomy":"category","embeddable":true,"href":"https:\/\/www.tonka3d.com.br\/blog\/wp-json\/wp\/v2\/categories?post=6980"},{"taxonomy":"post_tag","embeddable":true,"href":"https:\/\/www.tonka3d.com.br\/blog\/wp-json\/wp\/v2\/tags?post=6980"}],"curies":[{"name":"wp","href":"https:\/\/api.w.org\/{rel}","templated":true}]}}